[{"@context":"https:\/\/schema.org\/","@type":"Article","@id":"https:\/\/www.vespapv.cz\/vhodne-prostredi-pro-nemocneho-seniora\/#Article","mainEntityOfPage":"https:\/\/www.vespapv.cz\/vhodne-prostredi-pro-nemocneho-seniora\/","headline":"Vhodn\u00e9 prost\u0159ed\u00ed pro nemocn\u00e9ho seniora","name":"Vhodn\u00e9 prost\u0159ed\u00ed pro nemocn\u00e9ho seniora","description":"V dne\u0161n\u00ed dob\u011b jsme schopni se o pacienty, kte\u0159\u00ed trp\u00ed nemocemi st\u00e1\u0159\u00ed, kvalitn\u011b postarat. Rozhodn\u011b nikdo nemus\u00ed m\u00edt v\u00fd\u010ditky sv\u011bdom\u00ed, \u017ee si sv\u00e9ho nemocn\u00e9ho seniora nenechal doma a do posledn\u00edch sil (\u010dasto i sv\u00fdch) se o n\u011bho nestaral s\u00e1m. N\u011bkdy je p\u0159eci lep\u0161\u00edm \u0159e\u0161en\u00edm naj\u00edt vhodn\u00e9 za\u0159\u00edzen\u00ed a rad\u011bji za&hellip;","datePublished":"2017-11-22","dateModified":"2023-05-06","author":{"@type":"Person","@id":"https:\/\/www.vespapv.cz\/author\/#Person","name":"","url":"https:\/\/www.vespapv.cz\/author\/","identifier":1,"image":{"@type":"ImageObject","@id":"https:\/\/secure.gravatar.com\/avatar\/06473a178d94fb830b46e277369729e9534f2612e261ec2f1ee96b672ef473e2?s=96&d=mm&r=g","url":"https:\/\/secure.gravatar.com\/avatar\/06473a178d94fb830b46e277369729e9534f2612e261ec2f1ee96b672ef473e2?s=96&d=mm&r=g","height":96,"width":96}},"publisher":{"@type":"Organization","name":"vespapv.cz","logo":{"@type":"ImageObject","@id":"\/logo.png","url":"\/logo.png","width":600,"height":60}},"image":{"@type":"ImageObject","@id":"https:\/\/www.vespapv.cz\/wp-content\/uploads\/img_a305109_w2312_t1516620017.jpg","url":"https:\/\/www.vespapv.cz\/wp-content\/uploads\/img_a305109_w2312_t1516620017.jpg","height":0,"width":0},"url":"https:\/\/www.vespapv.cz\/vhodne-prostredi-pro-nemocneho-seniora\/","about":["Podnik\u00e1n\u00ed"],"wordCount":355,"articleBody":"     V dne\u0161n\u00ed dob\u011b jsme schopni se o pacienty, kte\u0159\u00ed trp\u00ed nemocemi st\u00e1\u0159\u00ed, kvalitn\u011b postarat. Rozhodn\u011b nikdo nemus\u00ed m\u00edt v\u00fd\u010ditky sv\u011bdom\u00ed, \u017ee si sv\u00e9ho nemocn\u00e9ho seniora nenechal doma a do posledn\u00edch sil (\u010dasto i sv\u00fdch) se o n\u011bho nestaral s\u00e1m. N\u011bkdy je p\u0159eci lep\u0161\u00edm \u0159e\u0161en\u00edm naj\u00edt vhodn\u00e9 za\u0159\u00edzen\u00ed  a rad\u011bji za n\u00edm co nej\u010dast\u011bji chodit na n\u00e1v\u0161t\u011bvu. Jednou z nemoc\u00ed, kter\u00e1 je t\u011b\u017eko zvladateln\u00e1, je Alzheimerova choroba. \u00a7 Nemoc, kter\u00e1 ni\u010d\u00ed nejen toho, koho postihla, ale tak\u00e9 jeho nejbli\u017e\u0161\u00ed. \u00a7 Ti trp\u00ed t\u00edm, \u017ee se z jejich bl\u00edzk\u00fdch pomalu st\u00e1vaj\u00ed docela ciz\u00ed bytosti, kter\u00e9 jsou najednou t\u0159eba i agresivn\u00ed. St\u00e1v\u00e1 se \u010dasto, \u017ee v pokro\u010dilej\u0161\u00edm st\u00e1diu nemocn\u00ed oso\u010duj\u00ed sv\u00e9 bl\u00edzk\u00e9 z \u010din\u016f, nad kter\u00fdmi z\u016fst\u00e1v\u00e1 rozum st\u00e1t. V domovech pro klienty, kte\u0159\u00ed Alzheimerovou chorobou trp\u00ed, jsou na v\u0161echny jej\u00ed projevy naprosto p\u0159ipraveni. Pacienti jsou ubytov\u00e1ni v dom\u00e1c\u00edm prost\u0159ed\u00ed, kter\u00e9 u nich navozuje pocit klidu. Pokoje jsou vybaven\u00e9 televiz\u00ed i r\u00e1diem, aby nebyl zp\u0159etrh\u00e1n kontakt s venkovn\u00edm sv\u011btem. Prodlou\u017een\u00ed kvalitn\u00edho \u017eivota  Do za\u0159\u00edzen\u00ed, ve kter\u00fdch jsou ubytov\u00e1ni senio\u0159i s t\u011bmito obt\u00ed\u017eemi, se p\u0159ij\u00edm\u00e1 pouze person\u00e1l, kter\u00fd je stoprocentn\u011b empatick\u00fd. Proto je pro n\u011b osobn\u00ed p\u0159\u00edstup a laskav\u00e9 zach\u00e1zen\u00ed naprostou samoz\u0159ejmost\u00ed. \u00b7 Klienti maj\u00ed k dispozici p\u00e9\u010di &#8211; zdravotn\u00edch sester &#8211; zdravotnick\u00fdmi asistenty &#8211; fyzioterapeuty &#8211; l\u00e9ka\u0159i. Krom\u011b t\u011bchto zam\u011bstnanc\u016f jsou p\u0159ipraveni ke ka\u017edodenn\u00ed pomoci i ergoterapeuti. Ergoterapie je pro mnoh\u00e9ho z n\u00e1s je\u0161t\u011b nezn\u00e1m\u00fdm pojmem. Pro seniora posti\u017een\u00e9ho Alzheimerovou chorobou je to \u017eivotn\u011b d\u016fle\u017eit\u00e9. \u00a7 Ergoterapeut usiluje o maxim\u00e1ln\u00ed zachov\u00e1n\u00ed v\u0161ech dovednost\u00ed a schopnost\u00ed sv\u00e9ho klienta. \u00a7 Jeho snahou je, aby se nemocn\u00fd co nejd\u00e9le mohl postarat alespo\u0148 o sv\u00e9 z\u00e1kladn\u00ed pot\u0159eby.Pochopiteln\u011b, \u017ee prvotn\u00edm z\u00e1jmem je zachov\u00e1n\u00ed d\u016fstojnosti klienta.                                                                                                                                                                                                                                                                                                                                                                                          4.5\/5 - (8 votes)        "},{"@context":"https:\/\/schema.org\/","@type":"BreadcrumbList","itemListElement":[{"@type":"ListItem","position":1,"name":"Vhodn\u00e9 prost\u0159ed\u00ed pro nemocn\u00e9ho seniora","item":"https:\/\/www.vespapv.cz\/vhodne-prostredi-pro-nemocneho-seniora\/#breadcrumbitem"}]}]