[{"@context":"https:\/\/schema.org\/","@type":"Article","@id":"https:\/\/www.vespapv.cz\/vanocni-peceni-bude-letos-jeste-drazsi\/#Article","mainEntityOfPage":"https:\/\/www.vespapv.cz\/vanocni-peceni-bude-letos-jeste-drazsi\/","headline":"V\u00e1no\u010dn\u00ed pe\u010den\u00ed bude letos je\u0161t\u011b dra\u017e\u0161\u00ed","name":"V\u00e1no\u010dn\u00ed pe\u010den\u00ed bude letos je\u0161t\u011b dra\u017e\u0161\u00ed","description":"Letos si za obl\u00edbenou pochoutku p\u0159iplat\u00edme a je jedno, zda pro n\u00ed vyraz\u00edme do obchodu nebo si koup\u00edme dom\u016f ingredience a upe\u010deme si svou. Existuj\u00ed dom\u00e1cnosti, kde se pe\u010de i n\u011bkolik des\u00edtek druh\u016f cukrov\u00ed a spot\u0159eba mouky, m\u00e1sla, cukru, vajec a dal\u0161\u00edch surovin se po\u010d\u00edt\u00e1 na kila. Leto\u0161n\u00ed zdra\u017eov\u00e1n\u00ed m\u00e1&hellip;","datePublished":"2025-02-25","dateModified":"2025-02-25","author":{"@type":"Person","@id":"https:\/\/www.vespapv.cz\/author\/#Person","name":"","url":"https:\/\/www.vespapv.cz\/author\/","identifier":1,"image":{"@type":"ImageObject","@id":"https:\/\/secure.gravatar.com\/avatar\/06473a178d94fb830b46e277369729e9534f2612e261ec2f1ee96b672ef473e2?s=96&d=mm&r=g","url":"https:\/\/secure.gravatar.com\/avatar\/06473a178d94fb830b46e277369729e9534f2612e261ec2f1ee96b672ef473e2?s=96&d=mm&r=g","height":96,"width":96}},"publisher":{"@type":"Organization","name":"vespapv.cz","logo":{"@type":"ImageObject","@id":"\/logo.png","url":"\/logo.png","width":600,"height":60}},"image":{"@type":"ImageObject","@id":"https:\/\/www.vespapv.cz\/wp-content\/uploads\/img_a309852_w2168_t1520851825.jpg","url":"https:\/\/www.vespapv.cz\/wp-content\/uploads\/img_a309852_w2168_t1520851825.jpg","height":0,"width":0},"url":"https:\/\/www.vespapv.cz\/vanocni-peceni-bude-letos-jeste-drazsi\/","wordCount":441,"articleBody":"Letos si za obl\u00edbenou pochoutku p\u0159iplat\u00edme a je jedno, zda pro n\u00ed vyraz\u00edme do obchodu nebo si koup\u00edme dom\u016f ingredience a upe\u010deme si svou. Existuj\u00ed dom\u00e1cnosti, kde se pe\u010de i n\u011bkolik des\u00edtek druh\u016f cukrov\u00ed a spot\u0159eba mouky, m\u00e1sla, cukru, vajec a dal\u0161\u00edch surovin se po\u010d\u00edt\u00e1 na kila. Leto\u0161n\u00ed zdra\u017eov\u00e1n\u00ed m\u00e1 pr\u00e1v\u011b na sv\u011bdom\u00ed m\u00e1slo a vejce.  Podle analytik\u016f se leto\u0161n\u00ed cena m\u00e1sla m\u016f\u017ee vy\u0161plhat a\u017e na 70 K\u010d, zat\u00edm co loni \u010dtvrt kilov\u00e1 kostka st\u00e1la 43 K\u010d. M\u00e1slo zdra\u017eilo i v N\u011bmecku a to o 70 % za posledn\u00edch 12 m\u011bs\u00edc\u016f. Na vin\u011b je velk\u00e1 popt\u00e1vka a mal\u00e1 produkce. V \u010cR se v\u0161ak nepo\u010d\u00edt\u00e1 s t\u00edm, \u017ee by nem\u011bl b\u00fdt z\u00e1jem o m\u00e1slo z d\u016fvodu zdra\u017eov\u00e1n\u00ed. Mimo dom\u00e1cnosti m\u00e1 toto zdra\u017eov\u00e1n\u00ed i dopad na ceny v gastronomii, proto\u017ee poctiv\u00fd kucha\u0159 se bez m\u00e1sla neobejde. Stoup\u00e1 i cena vajec, kter\u00e9 se v\u0161ak do ka\u017ed\u00e9ho cukrov\u00ed nepou\u017e\u00edvaj\u00ed. Cena jednoho vejce se dle odhad\u016f m\u016f\u017ee vy\u0161plhat a\u017e na 5 K\u010d. M\u016f\u017ee za to nedostatek nosnic v EU a \u00fadajn\u011b i zp\u0159\u00edsn\u011bn\u00ed pravidel jejich chovu. Vejce v\u0161ak nezdra\u017euj\u00ed jen u n\u00e1s, ale i v Polsku nebo N\u011bmecku. Tyto ceny se budou dr\u017eet naho\u0159e dlouho, proto\u017ee obchodn\u00edci cht\u011bj\u00ed vyd\u011blat a mnoho lid\u00ed vy\u010dk\u00e1v\u00e1 akce. L\u00e9pe na to nebudeme ani kdy\u017e si cukrov\u00ed koup\u00edme. Za kilo cukrov\u00ed m\u016f\u017eeme letos zaplatit a\u017e 700 K\u010d. Na cenu cukrov\u00ed reaguj\u00ed i peka\u0159ky v dom\u00e1cnosti, kter\u00e9 si t\u00edm p\u0159ivyd\u011bl\u00e1vaj\u00ed. Maj\u00ed z\u00e1kazn\u00edky, kte\u0159\u00ed se k nim ka\u017ed\u00fd rok vrac\u00ed, proto se sna\u017e\u00ed s cenami n\u011bjak z\u00e1sadn\u011b neh\u00fdbat, nicm\u00e9n\u011b mus\u00ed zdra\u017eit o p\u0159ibli\u017en\u011b 40 K\u010d za kilogram.  Ale\u2026. Bez cukrov\u00ed to prost\u011b v \u010cesku nejde. Pro valnou v\u011bt\u0161inu \u010cech\u016f by V\u00e1noce bez cukrov\u00ed nebyly V\u00e1noce. Kdy\u017e si upe\u010deme cukrov\u00ed doma, zaplat\u00edme letos za jednu v\u00e1rku o 15 \u2013 20 K\u010d v\u00edce, co\u017e je\u0161t\u011b nen\u00ed pro v\u011bt\u0161inu \u010cech\u016f takov\u00e9 zdra\u017een\u00ed kv\u016fli kter\u00e9mu by m\u011bli b\u00fdt bez cukrov\u00ed. Bez cukrov\u00ed se obejdou jen \u010dty\u0159i procenta ob\u010dan\u016f. Pro 96 procent je nemysliteln\u00e9 nechat si uj\u00edt cukrov\u00ed, kter\u00e9 m\u00e1me tak r\u00e1di &#8211; vos\u00ed hn\u00edzda, v\u00e1no\u010dn\u00ed pern\u00ed\u010dky, \u010dokol\u00e1dov\u00e9 ko\u0161\u00ed\u010dky, vanilkov\u00e9 rohl\u00ed\u010dky, pracny atd.                                                                                                                                                                                                                                                                                                                                                                                        2.7\/5 - (4 votes)        "},{"@context":"https:\/\/schema.org\/","@type":"BreadcrumbList","itemListElement":[{"@type":"ListItem","position":1,"name":"V\u00e1no\u010dn\u00ed pe\u010den\u00ed bude letos je\u0161t\u011b dra\u017e\u0161\u00ed","item":"https:\/\/www.vespapv.cz\/vanocni-peceni-bude-letos-jeste-drazsi\/#breadcrumbitem"}]}]