[{"@context":"https:\/\/schema.org\/","@type":"Article","@id":"https:\/\/www.vespapv.cz\/specialni-nabidky\/#Article","mainEntityOfPage":"https:\/\/www.vespapv.cz\/specialni-nabidky\/","headline":"Speci\u00e1ln\u00ed nab\u00eddky","name":"Speci\u00e1ln\u00ed nab\u00eddky","description":"P\u0159em\u00fd\u0161leli jste o tom, \u017ee byste si zakoupili n\u011bjak\u00fd nov\u00fd prvek do sv\u00e9ho nov\u00e9ho bytu, ale je\u0161t\u011b p\u0159esn\u011b nev\u00edte, co by to m\u011blo b\u00fdt? My bychom pro v\u00e1s m\u011bli skv\u011bl\u00e9 persk\u00e9 koberce, kter\u00e9 jsou naprosto jedine\u010dn\u00e9, dok\u00e1\u017e\u00ed skv\u011ble proz\u00e1\u0159it cel\u00fd interi\u00e9r a postarat se o originalitu v byt\u011b. M\u016f\u017eete se&hellip;","datePublished":"2025-02-21","dateModified":"2025-02-21","author":{"@type":"Person","@id":"https:\/\/www.vespapv.cz\/author\/#Person","name":"","url":"https:\/\/www.vespapv.cz\/author\/","identifier":1,"image":{"@type":"ImageObject","@id":"https:\/\/secure.gravatar.com\/avatar\/06473a178d94fb830b46e277369729e9534f2612e261ec2f1ee96b672ef473e2?s=96&d=mm&r=g","url":"https:\/\/secure.gravatar.com\/avatar\/06473a178d94fb830b46e277369729e9534f2612e261ec2f1ee96b672ef473e2?s=96&d=mm&r=g","height":96,"width":96}},"publisher":{"@type":"Organization","name":"vespapv.cz","logo":{"@type":"ImageObject","@id":"\/logo.png","url":"\/logo.png","width":600,"height":60}},"url":"https:\/\/www.vespapv.cz\/specialni-nabidky\/","wordCount":249,"articleBody":"P\u0159em\u00fd\u0161leli jste o tom, \u017ee byste si zakoupili n\u011bjak\u00fd nov\u00fd prvek do sv\u00e9ho nov\u00e9ho bytu, ale je\u0161t\u011b p\u0159esn\u011b nev\u00edte, co by to m\u011blo b\u00fdt? My bychom pro v\u00e1s m\u011bli skv\u011bl\u00e9 persk\u00e9 koberce, kter\u00e9 jsou naprosto jedine\u010dn\u00e9, dok\u00e1\u017e\u00ed skv\u011ble proz\u00e1\u0159it cel\u00fd interi\u00e9r a postarat se o originalitu v byt\u011b. M\u016f\u017eete se t\u011b\u0161it na skv\u011bl\u00fd design a p\u0159edev\u0161\u00edm kvalitn\u00ed ru\u010dn\u00ed pr\u00e1ci. Jsme tu pro v\u00e1s, tak\u017ee pokud byste m\u011bli jak\u00e9koli dotazy ohledn\u011b rozm\u011br\u016f, materi\u00e1l\u016f \u010di barev, ur\u010dit\u011b se s n\u00e1mi m\u016f\u017eete poradit. Pokud byste m\u011bli z\u00e1jem vyzkou\u0161et n\u011bjakou speci\u00e1ln\u00ed nab\u00eddku, ur\u010dit\u011b by se to t\u00fdkalo p\u0159edev\u0161\u00edm rozm\u011br\u016f v\u00fdrobku, proto\u017ee je samoz\u0159ejm\u011b mo\u017en\u00e9 ud\u011blat takov\u00fd rozm\u011br, kter\u00fd by vyhovoval va\u0161im pot\u0159eb\u00e1m. Spr\u00e1vn\u00e1 volba Pokud vyzkou\u0161\u00edte na\u0161e slu\u017eby a p\u0159edev\u0161\u00edm na\u0161e zbo\u017e\u00ed, rozhodn\u011b nebudete litovat. Jsme tu pro v\u00e1s, tak\u017ee poskytujeme i speci\u00e1ln\u00ed slu\u017ebu, jako je zap\u016fj\u010den\u00ed koberce p\u0159\u00edmo k v\u00e1m dom\u016f, abyste vid\u011bli, jak bude vypadat p\u0159\u00edmo ve va\u0161em interi\u00e9ru. Vyzkou\u0161ejte tedy na\u0161e speci\u00e1ln\u00ed slu\u017eby a vyberte si to prav\u00e9 pro sebe a sv\u016fj interi\u00e9r a bu\u010fte spokojeni s \u00fa\u017easnou ru\u010dn\u00ed prac\u00ed.                                                                                                                                                                                                                                                                                                                                                                                                "},{"@context":"https:\/\/schema.org\/","@type":"BreadcrumbList","itemListElement":[{"@type":"ListItem","position":1,"name":"Speci\u00e1ln\u00ed nab\u00eddky","item":"https:\/\/www.vespapv.cz\/specialni-nabidky\/#breadcrumbitem"}]}]