[{"@context":"https:\/\/schema.org\/","@type":"Blog","@id":"https:\/\/www.vespapv.cz#Blog","headline":"Vespa PV","description":"\nJe cel\u00e1 \u0159ada situac\u00ed, v nich\u017e se \u010dlov\u011bk bez moudr\u00e9ho r\u00e1dce a pr\u016fvodce neobejde. A my z na\u0161eho webu pro v\u00e1s chceme b\u00fdt t\u011bmi nejmoud\u0159ej\u0161\u00edmi r\u00e1dci.","url":"https:\/\/www.vespapv.cz","hasPart":[{"@type":"Article","@id":"https:\/\/www.vespapv.cz\/proc-si-zvolit-zimni-obleceni-znacky-kari-traa\/","headline":"Pro\u010d si zvolit zimn\u00ed oble\u010den\u00ed zna\u010dky Kari Traa","url":"https:\/\/www.vespapv.cz\/proc-si-zvolit-zimni-obleceni-znacky-kari-traa\/","datePublished":"2025-11-16","dateModified":"2025-11-16","mainEntityOfPage":"https:\/\/www.vespapv.cz\/proc-si-zvolit-zimni-obleceni-znacky-kari-traa\/","author":{"@type":"Person","@id":"https:\/\/www.vespapv.cz\/author\/#Person","name":"","url":"https:\/\/www.vespapv.cz\/author\/","identifier":1,"image":{"@type":"ImageObject","@id":"https:\/\/secure.gravatar.com\/avatar\/06473a178d94fb830b46e277369729e9534f2612e261ec2f1ee96b672ef473e2?s=96&d=mm&r=g","url":"https:\/\/secure.gravatar.com\/avatar\/06473a178d94fb830b46e277369729e9534f2612e261ec2f1ee96b672ef473e2?s=96&d=mm&r=g","height":96,"width":96}},"publisher":{"@type":"Organization","name":"vespapv.cz","logo":{"@type":"ImageObject","@id":"\/logo.png","url":"\/logo.png","width":600,"height":60}},"image":{"@type":"ImageObject","@id":"https:\/\/www.vespapv.cz\/wp-content\/uploads\/girl-4898696_640_1.jpg","url":"https:\/\/www.vespapv.cz\/wp-content\/uploads\/girl-4898696_640_1.jpg","height":0,"width":0},"wordCount":608,"keywords":null},{"@type":"Article","@id":"https:\/\/www.vespapv.cz\/kdyz-se-komplikuje-uklid-spolecnych-prostor-v-panelovem-dome\/","headline":"Kdy\u017e se komplikuje \u00faklid spole\u010dn\u00fdch prostor v panelov\u00e9m dom\u011b","url":"https:\/\/www.vespapv.cz\/kdyz-se-komplikuje-uklid-spolecnych-prostor-v-panelovem-dome\/","datePublished":"2025-10-02","dateModified":"2025-10-02","mainEntityOfPage":"https:\/\/www.vespapv.cz\/kdyz-se-komplikuje-uklid-spolecnych-prostor-v-panelovem-dome\/","author":{"@type":"Person","@id":"https:\/\/www.vespapv.cz\/author\/#Person","name":"","url":"https:\/\/www.vespapv.cz\/author\/","identifier":1,"image":{"@type":"ImageObject","@id":"https:\/\/secure.gravatar.com\/avatar\/06473a178d94fb830b46e277369729e9534f2612e261ec2f1ee96b672ef473e2?s=96&d=mm&r=g","url":"https:\/\/secure.gravatar.com\/avatar\/06473a178d94fb830b46e277369729e9534f2612e261ec2f1ee96b672ef473e2?s=96&d=mm&r=g","height":96,"width":96}},"publisher":{"@type":"Organization","name":"vespapv.cz","logo":{"@type":"ImageObject","@id":"\/logo.png","url":"\/logo.png","width":600,"height":60}},"image":{"@type":"ImageObject","@id":"https:\/\/www.vespapv.cz\/wp-content\/uploads\/blinds-5928691_640_10_10_10_1.jpg","url":"https:\/\/www.vespapv.cz\/wp-content\/uploads\/blinds-5928691_640_10_10_10_1.jpg","height":0,"width":0},"wordCount":619,"keywords":null},{"@type":"Article","@id":"https:\/\/www.vespapv.cz\/cesta-do-rise-snu\/","headline":"Cesta do \u0159\u00ed\u0161e sn\u016f","url":"https:\/\/www.vespapv.cz\/cesta-do-rise-snu\/","datePublished":"2025-10-01","dateModified":"2025-10-01","mainEntityOfPage":"https:\/\/www.vespapv.cz\/cesta-do-rise-snu\/","author":{"@type":"Person","@id":"https:\/\/www.vespapv.cz\/author\/#Person","name":"","url":"https:\/\/www.vespapv.cz\/author\/","identifier":1,"image":{"@type":"ImageObject","@id":"https:\/\/secure.gravatar.com\/avatar\/06473a178d94fb830b46e277369729e9534f2612e261ec2f1ee96b672ef473e2?s=96&d=mm&r=g","url":"https:\/\/secure.gravatar.com\/avatar\/06473a178d94fb830b46e277369729e9534f2612e261ec2f1ee96b672ef473e2?s=96&d=mm&r=g","height":96,"width":96}},"publisher":{"@type":"Organization","name":"vespapv.cz","logo":{"@type":"ImageObject","@id":"\/logo.png","url":"\/logo.png","width":600,"height":60}},"image":{"@type":"ImageObject","@id":"https:\/\/www.vespapv.cz\/wp-content\/uploads\/double-bed-1215004_640_6.jpg","url":"https:\/\/www.vespapv.cz\/wp-content\/uploads\/double-bed-1215004_640_6.jpg","height":0,"width":0},"wordCount":546,"keywords":null},{"@type":"Article","@id":"https:\/\/www.vespapv.cz\/skvela-prilezitost-pro-vasi-zabavu\/","headline":"Skv\u011bl\u00e1 p\u0159\u00edle\u017eitost pro va\u0161i z\u00e1bavu","url":"https:\/\/www.vespapv.cz\/skvela-prilezitost-pro-vasi-zabavu\/","datePublished":"2025-08-31","dateModified":"2025-08-31","mainEntityOfPage":"https:\/\/www.vespapv.cz\/skvela-prilezitost-pro-vasi-zabavu\/","author":{"@type":"Person","@id":"https:\/\/www.vespapv.cz\/author\/#Person","name":"","url":"https:\/\/www.vespapv.cz\/author\/","identifier":1,"image":{"@type":"ImageObject","@id":"https:\/\/secure.gravatar.com\/avatar\/06473a178d94fb830b46e277369729e9534f2612e261ec2f1ee96b672ef473e2?s=96&d=mm&r=g","url":"https:\/\/secure.gravatar.com\/avatar\/06473a178d94fb830b46e277369729e9534f2612e261ec2f1ee96b672ef473e2?s=96&d=mm&r=g","height":96,"width":96}},"publisher":{"@type":"Organization","name":"vespapv.cz","logo":{"@type":"ImageObject","@id":"\/logo.png","url":"\/logo.png","width":600,"height":60}},"image":null,"wordCount":296,"keywords":null},{"@type":"Article","@id":"https:\/\/www.vespapv.cz\/den-na-ktery-nechcete-zapomenout\/","headline":"Den, na kter\u00fd nechcete zapomenout","url":"https:\/\/www.vespapv.cz\/den-na-ktery-nechcete-zapomenout\/","datePublished":"2025-08-26","dateModified":"2025-08-26","mainEntityOfPage":"https:\/\/www.vespapv.cz\/den-na-ktery-nechcete-zapomenout\/","author":{"@type":"Person","@id":"https:\/\/www.vespapv.cz\/author\/#Person","name":"","url":"https:\/\/www.vespapv.cz\/author\/","identifier":1,"image":{"@type":"ImageObject","@id":"https:\/\/secure.gravatar.com\/avatar\/06473a178d94fb830b46e277369729e9534f2612e261ec2f1ee96b672ef473e2?s=96&d=mm&r=g","url":"https:\/\/secure.gravatar.com\/avatar\/06473a178d94fb830b46e277369729e9534f2612e261ec2f1ee96b672ef473e2?s=96&d=mm&r=g","height":96,"width":96}},"publisher":{"@type":"Organization","name":"vespapv.cz","logo":{"@type":"ImageObject","@id":"\/logo.png","url":"\/logo.png","width":600,"height":60}},"image":null,"wordCount":219,"keywords":null},{"@type":"Article","@id":"https:\/\/www.vespapv.cz\/od-koho-si-pujcit-penize\/","headline":"Od koho si p\u016fj\u010dit pen\u00edze?","url":"https:\/\/www.vespapv.cz\/od-koho-si-pujcit-penize\/","datePublished":"2025-08-18","dateModified":"2025-08-18","mainEntityOfPage":"https:\/\/www.vespapv.cz\/od-koho-si-pujcit-penize\/","author":{"@type":"Person","@id":"https:\/\/www.vespapv.cz\/author\/#Person","name":"","url":"https:\/\/www.vespapv.cz\/author\/","identifier":1,"image":{"@type":"ImageObject","@id":"https:\/\/secure.gravatar.com\/avatar\/06473a178d94fb830b46e277369729e9534f2612e261ec2f1ee96b672ef473e2?s=96&d=mm&r=g","url":"https:\/\/secure.gravatar.com\/avatar\/06473a178d94fb830b46e277369729e9534f2612e261ec2f1ee96b672ef473e2?s=96&d=mm&r=g","height":96,"width":96}},"publisher":{"@type":"Organization","name":"vespapv.cz","logo":{"@type":"ImageObject","@id":"\/logo.png","url":"\/logo.png","width":600,"height":60}},"image":{"@type":"ImageObject","@id":"https:\/\/www.vespapv.cz\/wp-content\/uploads\/pp_10_10_10_10_10_10_10_10_10_10.jpg","url":"https:\/\/www.vespapv.cz\/wp-content\/uploads\/pp_10_10_10_10_10_10_10_10_10_10.jpg","height":0,"width":0},"wordCount":632,"keywords":null},{"@type":"Article","@id":"https:\/\/www.vespapv.cz\/osobni-vozidlo-snadno-a-rychle\/","headline":"Osobn\u00ed vozidlo snadno a rychle","url":"https:\/\/www.vespapv.cz\/osobni-vozidlo-snadno-a-rychle\/","datePublished":"2025-08-18","dateModified":"2025-08-18","mainEntityOfPage":"https:\/\/www.vespapv.cz\/osobni-vozidlo-snadno-a-rychle\/","author":{"@type":"Person","@id":"https:\/\/www.vespapv.cz\/author\/#Person","name":"","url":"https:\/\/www.vespapv.cz\/author\/","identifier":1,"image":{"@type":"ImageObject","@id":"https:\/\/secure.gravatar.com\/avatar\/06473a178d94fb830b46e277369729e9534f2612e261ec2f1ee96b672ef473e2?s=96&d=mm&r=g","url":"https:\/\/secure.gravatar.com\/avatar\/06473a178d94fb830b46e277369729e9534f2612e261ec2f1ee96b672ef473e2?s=96&d=mm&r=g","height":96,"width":96}},"publisher":{"@type":"Organization","name":"vespapv.cz","logo":{"@type":"ImageObject","@id":"\/logo.png","url":"\/logo.png","width":600,"height":60}},"image":null,"wordCount":279,"keywords":null},{"@type":"Article","@id":"https:\/\/www.vespapv.cz\/moznost-jak-se-vzchopit\/","headline":"Mo\u017enost, jak se vzchopit","url":"https:\/\/www.vespapv.cz\/moznost-jak-se-vzchopit\/","datePublished":"2025-08-08","dateModified":"2025-08-08","mainEntityOfPage":"https:\/\/www.vespapv.cz\/moznost-jak-se-vzchopit\/","author":{"@type":"Person","@id":"https:\/\/www.vespapv.cz\/author\/#Person","name":"","url":"https:\/\/www.vespapv.cz\/author\/","identifier":1,"image":{"@type":"ImageObject","@id":"https:\/\/secure.gravatar.com\/avatar\/06473a178d94fb830b46e277369729e9534f2612e261ec2f1ee96b672ef473e2?s=96&d=mm&r=g","url":"https:\/\/secure.gravatar.com\/avatar\/06473a178d94fb830b46e277369729e9534f2612e261ec2f1ee96b672ef473e2?s=96&d=mm&r=g","height":96,"width":96}},"publisher":{"@type":"Organization","name":"vespapv.cz","logo":{"@type":"ImageObject","@id":"\/logo.png","url":"\/logo.png","width":600,"height":60}},"image":null,"wordCount":211,"keywords":null},{"@type":"Article","@id":"https:\/\/www.vespapv.cz\/bojite-se-prace-ve-vyskach\/","headline":"Boj\u00edte se pr\u00e1ce ve v\u00fd\u0161k\u00e1ch?","url":"https:\/\/www.vespapv.cz\/bojite-se-prace-ve-vyskach\/","datePublished":"2025-08-05","dateModified":"2025-08-05","mainEntityOfPage":"https:\/\/www.vespapv.cz\/bojite-se-prace-ve-vyskach\/","author":{"@type":"Person","@id":"https:\/\/www.vespapv.cz\/author\/#Person","name":"","url":"https:\/\/www.vespapv.cz\/author\/","identifier":1,"image":{"@type":"ImageObject","@id":"https:\/\/secure.gravatar.com\/avatar\/06473a178d94fb830b46e277369729e9534f2612e261ec2f1ee96b672ef473e2?s=96&d=mm&r=g","url":"https:\/\/secure.gravatar.com\/avatar\/06473a178d94fb830b46e277369729e9534f2612e261ec2f1ee96b672ef473e2?s=96&d=mm&r=g","height":96,"width":96}},"publisher":{"@type":"Organization","name":"vespapv.cz","logo":{"@type":"ImageObject","@id":"\/logo.png","url":"\/logo.png","width":600,"height":60}},"image":null,"wordCount":249,"keywords":null},{"@type":"Article","@id":"https:\/\/www.vespapv.cz\/jak-spravne-pecovat-o-bazen\/","headline":"Jak spr\u00e1vn\u011b pe\u010dovat o baz\u00e9n?","url":"https:\/\/www.vespapv.cz\/jak-spravne-pecovat-o-bazen\/","datePublished":"2025-07-28","dateModified":"2025-07-28","mainEntityOfPage":"https:\/\/www.vespapv.cz\/jak-spravne-pecovat-o-bazen\/","author":{"@type":"Person","@id":"https:\/\/www.vespapv.cz\/author\/#Person","name":"","url":"https:\/\/www.vespapv.cz\/author\/","identifier":1,"image":{"@type":"ImageObject","@id":"https:\/\/secure.gravatar.com\/avatar\/06473a178d94fb830b46e277369729e9534f2612e261ec2f1ee96b672ef473e2?s=96&d=mm&r=g","url":"https:\/\/secure.gravatar.com\/avatar\/06473a178d94fb830b46e277369729e9534f2612e261ec2f1ee96b672ef473e2?s=96&d=mm&r=g","height":96,"width":96}},"publisher":{"@type":"Organization","name":"vespapv.cz","logo":{"@type":"ImageObject","@id":"\/logo.png","url":"\/logo.png","width":600,"height":60}},"image":null,"wordCount":262,"keywords":null}]},{"@context":"https:\/\/schema.org","@type":"WebSite","@id":"https:\/\/www.vespapv.cz\/#website","name":"Vespa PV","url":"https:\/\/www.vespapv.cz","potentialAction":{"@type":"SearchAction","target":"https:\/\/www.vespapv.cz\/?s={search_term_string}","query-input":"required name=search_term_string"}}]