[{"@context":"https:\/\/schema.org\/","@type":"Blog","@id":"https:\/\/www.vespapv.cz#Blog","headline":"Vespa PV","description":"\nJe cel\u00e1 \u0159ada situac\u00ed, v nich\u017e se \u010dlov\u011bk bez moudr\u00e9ho r\u00e1dce a pr\u016fvodce neobejde. A my z na\u0161eho webu pro v\u00e1s chceme b\u00fdt t\u011bmi nejmoud\u0159ej\u0161\u00edmi r\u00e1dci.","url":"https:\/\/www.vespapv.cz","hasPart":[{"@type":"Article","@id":"https:\/\/www.vespapv.cz\/muze-byt-pujcka-oproti-nemovitosti-ihned-vyrizena\/","headline":"M\u016f\u017ee b\u00fdt p\u016fj\u010dka oproti nemovitosti ihned vy\u0159\u00edzen\u00e1?","url":"https:\/\/www.vespapv.cz\/muze-byt-pujcka-oproti-nemovitosti-ihned-vyrizena\/","datePublished":"2021-11-24","dateModified":"2023-05-06","mainEntityOfPage":"https:\/\/www.vespapv.cz\/muze-byt-pujcka-oproti-nemovitosti-ihned-vyrizena\/","author":{"@type":"Person","@id":"https:\/\/www.vespapv.cz\/author\/#Person","name":"","url":"https:\/\/www.vespapv.cz\/author\/","identifier":1,"image":{"@type":"ImageObject","@id":"https:\/\/secure.gravatar.com\/avatar\/06473a178d94fb830b46e277369729e9534f2612e261ec2f1ee96b672ef473e2?s=96&d=mm&r=g","url":"https:\/\/secure.gravatar.com\/avatar\/06473a178d94fb830b46e277369729e9534f2612e261ec2f1ee96b672ef473e2?s=96&d=mm&r=g","height":96,"width":96}},"publisher":{"@type":"Organization","name":"vespapv.cz","logo":{"@type":"ImageObject","@id":"\/logo.png","url":"\/logo.png","width":600,"height":60}},"image":{"@type":"ImageObject","@id":"https:\/\/www.vespapv.cz\/wp-content\/uploads\/pujcka2_5.png","url":"https:\/\/www.vespapv.cz\/wp-content\/uploads\/pujcka2_5.png","height":0,"width":0},"wordCount":673,"keywords":null},{"@type":"Article","@id":"https:\/\/www.vespapv.cz\/vyrobte-s-detmi-masku-na-maskarni-karneval\/","headline":"Vyrobte s d\u011btmi masku na ma\u0161karn\u00ed karneval","url":"https:\/\/www.vespapv.cz\/vyrobte-s-detmi-masku-na-maskarni-karneval\/","datePublished":"2021-11-23","dateModified":"2023-05-06","mainEntityOfPage":"https:\/\/www.vespapv.cz\/vyrobte-s-detmi-masku-na-maskarni-karneval\/","author":{"@type":"Person","@id":"https:\/\/www.vespapv.cz\/author\/#Person","name":"","url":"https:\/\/www.vespapv.cz\/author\/","identifier":1,"image":{"@type":"ImageObject","@id":"https:\/\/secure.gravatar.com\/avatar\/06473a178d94fb830b46e277369729e9534f2612e261ec2f1ee96b672ef473e2?s=96&d=mm&r=g","url":"https:\/\/secure.gravatar.com\/avatar\/06473a178d94fb830b46e277369729e9534f2612e261ec2f1ee96b672ef473e2?s=96&d=mm&r=g","height":96,"width":96}},"publisher":{"@type":"Organization","name":"vespapv.cz","logo":{"@type":"ImageObject","@id":"\/logo.png","url":"\/logo.png","width":600,"height":60}},"image":{"@type":"ImageObject","@id":"https:\/\/www.vespapv.cz\/wp-content\/uploads\/karneval_pro_deti.jpg","url":"https:\/\/www.vespapv.cz\/wp-content\/uploads\/karneval_pro_deti.jpg","height":0,"width":0},"wordCount":474,"keywords":null},{"@type":"Article","@id":"https:\/\/www.vespapv.cz\/cisteni-kanalizace-pravidelne-i-jednorazove\/","headline":"\u010ci\u0161t\u011bn\u00ed kanalizace pravideln\u011b i jednor\u00e1zov\u011b","url":"https:\/\/www.vespapv.cz\/cisteni-kanalizace-pravidelne-i-jednorazove\/","datePublished":"2021-11-18","dateModified":"2023-05-06","mainEntityOfPage":"https:\/\/www.vespapv.cz\/cisteni-kanalizace-pravidelne-i-jednorazove\/","author":{"@type":"Person","@id":"https:\/\/www.vespapv.cz\/author\/#Person","name":"","url":"https:\/\/www.vespapv.cz\/author\/","identifier":1,"image":{"@type":"ImageObject","@id":"https:\/\/secure.gravatar.com\/avatar\/06473a178d94fb830b46e277369729e9534f2612e261ec2f1ee96b672ef473e2?s=96&d=mm&r=g","url":"https:\/\/secure.gravatar.com\/avatar\/06473a178d94fb830b46e277369729e9534f2612e261ec2f1ee96b672ef473e2?s=96&d=mm&r=g","height":96,"width":96}},"publisher":{"@type":"Organization","name":"vespapv.cz","logo":{"@type":"ImageObject","@id":"\/logo.png","url":"\/logo.png","width":600,"height":60}},"image":{"@type":"ImageObject","@id":"https:\/\/www.vespapv.cz\/wp-content\/uploads\/roury.jpg","url":"https:\/\/www.vespapv.cz\/wp-content\/uploads\/roury.jpg","height":0,"width":0},"wordCount":659,"keywords":null},{"@type":"Article","@id":"https:\/\/www.vespapv.cz\/podivejte-se-na-stehovani-do-galerie\/","headline":"Pod\u00edvejte se na st\u011bhov\u00e1n\u00ed do galerie","url":"https:\/\/www.vespapv.cz\/podivejte-se-na-stehovani-do-galerie\/","datePublished":"2021-10-30","dateModified":"2023-05-06","mainEntityOfPage":"https:\/\/www.vespapv.cz\/podivejte-se-na-stehovani-do-galerie\/","author":{"@type":"Person","@id":"https:\/\/www.vespapv.cz\/author\/#Person","name":"","url":"https:\/\/www.vespapv.cz\/author\/","identifier":1,"image":{"@type":"ImageObject","@id":"https:\/\/secure.gravatar.com\/avatar\/06473a178d94fb830b46e277369729e9534f2612e261ec2f1ee96b672ef473e2?s=96&d=mm&r=g","url":"https:\/\/secure.gravatar.com\/avatar\/06473a178d94fb830b46e277369729e9534f2612e261ec2f1ee96b672ef473e2?s=96&d=mm&r=g","height":96,"width":96}},"publisher":{"@type":"Organization","name":"vespapv.cz","logo":{"@type":"ImageObject","@id":"\/logo.png","url":"\/logo.png","width":600,"height":60}},"image":{"@type":"ImageObject","@id":"https:\/\/www.vespapv.cz\/wp-content\/uploads\/medv%C4%9Bd%20v%20kufru.PNG","url":"https:\/\/www.vespapv.cz\/wp-content\/uploads\/medv%C4%9Bd%20v%20kufru.PNG","height":0,"width":0},"wordCount":900,"keywords":null},{"@type":"Article","@id":"https:\/\/www.vespapv.cz\/mzdu-je-zahodno-prepocitavat\/","headline":"Mzdu je z\u00e1hodno p\u0159epo\u010d\u00edt\u00e1vat","url":"https:\/\/www.vespapv.cz\/mzdu-je-zahodno-prepocitavat\/","datePublished":"2021-10-18","dateModified":"2023-05-06","mainEntityOfPage":"https:\/\/www.vespapv.cz\/mzdu-je-zahodno-prepocitavat\/","author":{"@type":"Person","@id":"https:\/\/www.vespapv.cz\/author\/#Person","name":"","url":"https:\/\/www.vespapv.cz\/author\/","identifier":1,"image":{"@type":"ImageObject","@id":"https:\/\/secure.gravatar.com\/avatar\/06473a178d94fb830b46e277369729e9534f2612e261ec2f1ee96b672ef473e2?s=96&d=mm&r=g","url":"https:\/\/secure.gravatar.com\/avatar\/06473a178d94fb830b46e277369729e9534f2612e261ec2f1ee96b672ef473e2?s=96&d=mm&r=g","height":96,"width":96}},"publisher":{"@type":"Organization","name":"vespapv.cz","logo":{"@type":"ImageObject","@id":"\/logo.png","url":"\/logo.png","width":600,"height":60}},"image":{"@type":"ImageObject","@id":"https:\/\/www.vespapv.cz\/wp-content\/uploads\/n%C4%9Bmeck%C3%A9%20mince_7.jpg","url":"https:\/\/www.vespapv.cz\/wp-content\/uploads\/n%C4%9Bmeck%C3%A9%20mince_7.jpg","height":0,"width":0},"wordCount":765,"keywords":null},{"@type":"Article","@id":"https:\/\/www.vespapv.cz\/nebojme-se-investovat-do-naseho-snu\/","headline":"Nebojme se investovat do na\u0161eho snu","url":"https:\/\/www.vespapv.cz\/nebojme-se-investovat-do-naseho-snu\/","datePublished":"2021-10-13","dateModified":"2023-05-06","mainEntityOfPage":"https:\/\/www.vespapv.cz\/nebojme-se-investovat-do-naseho-snu\/","author":{"@type":"Person","@id":"https:\/\/www.vespapv.cz\/author\/#Person","name":"","url":"https:\/\/www.vespapv.cz\/author\/","identifier":1,"image":{"@type":"ImageObject","@id":"https:\/\/secure.gravatar.com\/avatar\/06473a178d94fb830b46e277369729e9534f2612e261ec2f1ee96b672ef473e2?s=96&d=mm&r=g","url":"https:\/\/secure.gravatar.com\/avatar\/06473a178d94fb830b46e277369729e9534f2612e261ec2f1ee96b672ef473e2?s=96&d=mm&r=g","height":96,"width":96}},"publisher":{"@type":"Organization","name":"vespapv.cz","logo":{"@type":"ImageObject","@id":"\/logo.png","url":"\/logo.png","width":600,"height":60}},"image":{"@type":"ImageObject","@id":"https:\/\/www.vespapv.cz\/wp-content\/uploads\/home-ge4d04784c_640.jpg","url":"https:\/\/www.vespapv.cz\/wp-content\/uploads\/home-ge4d04784c_640.jpg","height":0,"width":0},"wordCount":637,"keywords":null},{"@type":"Article","@id":"https:\/\/www.vespapv.cz\/pujcka-spasi-podnikani\/","headline":"P\u016fj\u010dka spas\u00ed podnik\u00e1n\u00ed","url":"https:\/\/www.vespapv.cz\/pujcka-spasi-podnikani\/","datePublished":"2021-10-13","dateModified":"2023-05-06","mainEntityOfPage":"https:\/\/www.vespapv.cz\/pujcka-spasi-podnikani\/","author":{"@type":"Person","@id":"https:\/\/www.vespapv.cz\/author\/#Person","name":"","url":"https:\/\/www.vespapv.cz\/author\/","identifier":1,"image":{"@type":"ImageObject","@id":"https:\/\/secure.gravatar.com\/avatar\/06473a178d94fb830b46e277369729e9534f2612e261ec2f1ee96b672ef473e2?s=96&d=mm&r=g","url":"https:\/\/secure.gravatar.com\/avatar\/06473a178d94fb830b46e277369729e9534f2612e261ec2f1ee96b672ef473e2?s=96&d=mm&r=g","height":96,"width":96}},"publisher":{"@type":"Organization","name":"vespapv.cz","logo":{"@type":"ImageObject","@id":"\/logo.png","url":"\/logo.png","width":600,"height":60}},"image":{"@type":"ImageObject","@id":"https:\/\/www.vespapv.cz\/wp-content\/uploads\/pen%C3%ADze%20v%20pokladn%C4%9B_3.jpg","url":"https:\/\/www.vespapv.cz\/wp-content\/uploads\/pen%C3%ADze%20v%20pokladn%C4%9B_3.jpg","height":0,"width":0},"wordCount":769,"keywords":null},{"@type":"Article","@id":"https:\/\/www.vespapv.cz\/jsou-pro-nas-deti-radost-nebo-pritez\/","headline":"Jsou pro n\u00e1s d\u011bti radost nebo p\u0159\u00edt\u011b\u017e?","url":"https:\/\/www.vespapv.cz\/jsou-pro-nas-deti-radost-nebo-pritez\/","datePublished":"2021-09-13","dateModified":"2023-05-06","mainEntityOfPage":"https:\/\/www.vespapv.cz\/jsou-pro-nas-deti-radost-nebo-pritez\/","author":{"@type":"Person","@id":"https:\/\/www.vespapv.cz\/author\/#Person","name":"","url":"https:\/\/www.vespapv.cz\/author\/","identifier":1,"image":{"@type":"ImageObject","@id":"https:\/\/secure.gravatar.com\/avatar\/06473a178d94fb830b46e277369729e9534f2612e261ec2f1ee96b672ef473e2?s=96&d=mm&r=g","url":"https:\/\/secure.gravatar.com\/avatar\/06473a178d94fb830b46e277369729e9534f2612e261ec2f1ee96b672ef473e2?s=96&d=mm&r=g","height":96,"width":96}},"publisher":{"@type":"Organization","name":"vespapv.cz","logo":{"@type":"ImageObject","@id":"\/logo.png","url":"\/logo.png","width":600,"height":60}},"image":{"@type":"ImageObject","@id":"https:\/\/www.vespapv.cz\/wp-content\/uploads\/family-1237701_960_720.jpg","url":"https:\/\/www.vespapv.cz\/wp-content\/uploads\/family-1237701_960_720.jpg","height":0,"width":0},"wordCount":1268,"keywords":null},{"@type":"Article","@id":"https:\/\/www.vespapv.cz\/kde-se-cele-vasi-rodine-libi\/","headline":"Kde se cel\u00e9 va\u0161\u00ed rodin\u011b l\u00edb\u00ed","url":"https:\/\/www.vespapv.cz\/kde-se-cele-vasi-rodine-libi\/","datePublished":"2021-08-29","dateModified":"2023-05-06","mainEntityOfPage":"https:\/\/www.vespapv.cz\/kde-se-cele-vasi-rodine-libi\/","author":{"@type":"Person","@id":"https:\/\/www.vespapv.cz\/author\/#Person","name":"","url":"https:\/\/www.vespapv.cz\/author\/","identifier":1,"image":{"@type":"ImageObject","@id":"https:\/\/secure.gravatar.com\/avatar\/06473a178d94fb830b46e277369729e9534f2612e261ec2f1ee96b672ef473e2?s=96&d=mm&r=g","url":"https:\/\/secure.gravatar.com\/avatar\/06473a178d94fb830b46e277369729e9534f2612e261ec2f1ee96b672ef473e2?s=96&d=mm&r=g","height":96,"width":96}},"publisher":{"@type":"Organization","name":"vespapv.cz","logo":{"@type":"ImageObject","@id":"\/logo.png","url":"\/logo.png","width":600,"height":60}},"image":{"@type":"ImageObject","@id":"https:\/\/www.vespapv.cz\/wp-content\/uploads\/m%C3%ADsto%20pro%20mobilhaus.jpg","url":"https:\/\/www.vespapv.cz\/wp-content\/uploads\/m%C3%ADsto%20pro%20mobilhaus.jpg","height":0,"width":0},"wordCount":526,"keywords":null},{"@type":"Article","@id":"https:\/\/www.vespapv.cz\/co-kdyz-se-podnikatelum-nedari\/","headline":"Co kdy\u017e se podnikatel\u016fm neda\u0159\u00ed?","url":"https:\/\/www.vespapv.cz\/co-kdyz-se-podnikatelum-nedari\/","datePublished":"2021-08-21","dateModified":"2023-05-06","mainEntityOfPage":"https:\/\/www.vespapv.cz\/co-kdyz-se-podnikatelum-nedari\/","author":{"@type":"Person","@id":"https:\/\/www.vespapv.cz\/author\/#Person","name":"","url":"https:\/\/www.vespapv.cz\/author\/","identifier":1,"image":{"@type":"ImageObject","@id":"https:\/\/secure.gravatar.com\/avatar\/06473a178d94fb830b46e277369729e9534f2612e261ec2f1ee96b672ef473e2?s=96&d=mm&r=g","url":"https:\/\/secure.gravatar.com\/avatar\/06473a178d94fb830b46e277369729e9534f2612e261ec2f1ee96b672ef473e2?s=96&d=mm&r=g","height":96,"width":96}},"publisher":{"@type":"Organization","name":"vespapv.cz","logo":{"@type":"ImageObject","@id":"\/logo.png","url":"\/logo.png","width":600,"height":60}},"image":{"@type":"ImageObject","@id":"https:\/\/www.vespapv.cz\/wp-content\/uploads\/dolary%20s%20Trumpem.jpg","url":"https:\/\/www.vespapv.cz\/wp-content\/uploads\/dolary%20s%20Trumpem.jpg","height":0,"width":0},"wordCount":718,"keywords":null}]},{"@context":"https:\/\/schema.org","@type":"WebSite","@id":"https:\/\/www.vespapv.cz\/#website","name":"Vespa PV","url":"https:\/\/www.vespapv.cz","potentialAction":{"@type":"SearchAction","target":"https:\/\/www.vespapv.cz\/?s={search_term_string}","query-input":"required name=search_term_string"}}]