[{"@context":"https:\/\/schema.org\/","@type":"Article","@id":"https:\/\/www.vespapv.cz\/moje-moda\/#Article","mainEntityOfPage":"https:\/\/www.vespapv.cz\/moje-moda\/","headline":"Moje m\u00f3da","name":"Moje m\u00f3da","description":"J\u00e1 pat\u0159\u00edm k t\u011bm lidem, respektive k t\u011bm \u017een\u00e1m, kter\u00e9 maj\u00ed r\u00e1dy m\u00f3du. A m\u00e1m moc r\u00e1da se modern\u011b obl\u00e9k\u00e1m a taky moc r\u00e1da nakupuji. Ano, v\u017edy\u0165 jsem p\u0159ece \u017eena. Taky si vzpom\u00edn\u00e1m na ty \u010dasy, kdy mi moje m\u00e1ma \u0159\u00edkala, a\u0165 taky \u0161et\u0159\u00edme n\u011bjak\u00e9 pen\u00edze, a\u0165 v\u0161echno neutr\u00e1c\u00edm nar\u00e1z.&hellip;","datePublished":"2023-01-15","dateModified":"2023-05-06","author":{"@type":"Person","@id":"https:\/\/www.vespapv.cz\/author\/#Person","name":"","url":"https:\/\/www.vespapv.cz\/author\/","identifier":1,"image":{"@type":"ImageObject","@id":"https:\/\/secure.gravatar.com\/avatar\/06473a178d94fb830b46e277369729e9534f2612e261ec2f1ee96b672ef473e2?s=96&d=mm&r=g","url":"https:\/\/secure.gravatar.com\/avatar\/06473a178d94fb830b46e277369729e9534f2612e261ec2f1ee96b672ef473e2?s=96&d=mm&r=g","height":96,"width":96}},"publisher":{"@type":"Organization","name":"vespapv.cz","logo":{"@type":"ImageObject","@id":"\/logo.png","url":"\/logo.png","width":600,"height":60}},"image":{"@type":"ImageObject","@id":"https:\/\/www.vespapv.cz\/wp-content\/uploads\/people-2591867_960_720.jpg","url":"https:\/\/www.vespapv.cz\/wp-content\/uploads\/people-2591867_960_720.jpg","height":0,"width":0},"url":"https:\/\/www.vespapv.cz\/moje-moda\/","about":["Podnik\u00e1n\u00ed"],"wordCount":437,"articleBody":"      J\u00e1 pat\u0159\u00edm k t\u011bm lidem, respektive k t\u011bm \u017een\u00e1m, kter\u00e9 maj\u00ed r\u00e1dy m\u00f3du. A m\u00e1m moc r\u00e1da se modern\u011b obl\u00e9k\u00e1m a taky moc r\u00e1da nakupuji. Ano, v\u017edy\u0165 jsem p\u0159ece \u017eena. Taky si vzpom\u00edn\u00e1m na ty \u010dasy, kdy mi moje m\u00e1ma \u0159\u00edkala, a\u0165 taky \u0161et\u0159\u00edme n\u011bjak\u00e9 pen\u00edze, a\u0165 v\u0161echno neutr\u00e1c\u00edm nar\u00e1z. M\u011bla jsem docela opravdu p\u011bkn\u00e9 vysok\u00e9 kapesn\u00e9, ale bohu\u017eel jsem v\u017edycky t\u0159eba za dva nebo za t\u0159i dny u\u017e nic nem\u011bla. A kdy\u017e to byly t\u0159eba dva tis\u00edce za m\u011bs\u00edc, tak se v m\u011bla velice brzo utracen\u00e9. Nev\u00edm pro\u010d, ale r\u00e1da jsem utr\u00e1cela za kosmetiku a za m\u00f3du. A taky ale to dopadlo tak, \u017ee jsem si oble\u010den\u00ed taky moc st\u0159\u00eddala, proto\u017ee jsem taky m\u011bnila r\u016fzn\u00e9 styly oble\u010den\u00ed.Jist\u011b si vzpom\u00edn\u00e1te, kdy\u017e t\u0159eba let\u011blo oble\u010den\u00ed ve stylu hip hop anebo ve stylu techno. Jenom\u017ee posledn\u00ed dobou se mi opravdu hodn\u011b l\u00edb\u00ed Military styl, a tak jsem si taky jednoho dne po\u0159\u00eddila d\u00e1mskou army mikinu. D\u00e1msk\u00e1 Army mikina se mi l\u00edb\u00ed a po\u0159\u00eddila si mi na webov\u00e9 str\u00e1nce armytrika.cz, kde maj\u00ed nebo d\u00e1msk\u00fdch Army mikin, tak i dal\u0161\u00edch v\u011bci jako t\u0159eba nap\u0159\u00edklad i p\u00e1nsk\u00e9 modern\u00ed oble\u010den\u00ed. Nebo se mi tam taky l\u00edbilo to, \u017ee tam prod\u00e1vaj\u00ed m\u00edsto oble\u010den\u00ed taky r\u016fzn\u00e9 v\u011bci, jako nap\u0159\u00edklad k\u0161iltovku nebo hrne\u010dky a kl\u00ed\u010denky, co\u017e se mi opravdu hodn\u011b l\u00edb\u00ed.Proto\u017ee pro ty lidi, kte\u0159\u00ed maj\u00ed r\u00e1di Army styl a Military nebo vojenstv\u00ed, tak samoz\u0159ejm\u011b na r\u016fzn\u00e9 narozeniny nebo na V\u00e1noce ocen\u00ed taky r\u016fzn\u00e9 v\u011bci, jako nap\u0159\u00edklad hrne\u010dky nebo kl\u00ed\u010denky. Dokonce kl\u00ed\u010denku Army stylem jsem dala sv\u00e9mu p\u0159\u00edteli, proto\u017ee se opravdu hodn\u011b zaj\u00edm\u00e1 o to, kdy\u017e byl jeho d\u011bda voj\u00e1k, tak o to opravdu hodn\u011b zaj\u00edmalo a l\u00edbilo se mu to. A nav\u00edc se p\u0159\u00edteli taky l\u00edb\u00ed Army styl, tak\u017ee si mysl\u00edm, \u017ee kdybych mu po\u0159\u00eddila taky Army mikinu p\u00e1nskou, tak bude z toho nad\u0161en\u00fd a p\u011bkn\u011b bychom k sob\u011b ladili. A jak\u00e1 m\u00f3da se l\u00edb\u00ed v\u00e1m? N\u011bkdo m\u00e1 r\u00e1d jenom t\u0159eba taky \u00fapln\u011b oby\u010dejn\u00fd styl a trendy nesleduje.                                                                                                                                                                                                                                                                                                                                                                                           4\/5 - (8 votes)        "},{"@context":"https:\/\/schema.org\/","@type":"BreadcrumbList","itemListElement":[{"@type":"ListItem","position":1,"name":"Moje m\u00f3da","item":"https:\/\/www.vespapv.cz\/moje-moda\/#breadcrumbitem"}]}]