[{"@context":"https:\/\/schema.org\/","@type":"Article","@id":"https:\/\/www.vespapv.cz\/den-na-ktery-nechcete-zapomenout\/#Article","mainEntityOfPage":"https:\/\/www.vespapv.cz\/den-na-ktery-nechcete-zapomenout\/","headline":"Den, na kter\u00fd nechcete zapomenout","name":"Den, na kter\u00fd nechcete zapomenout","description":"Mnoho v\u011bc\u00ed d\u011bl\u00e1me v \u017eivot\u011b jen jednou, respektive v\u0161echno d\u011bl\u00e1me v \u017eivot\u011b n\u011bkdy poprv\u00e9. A zejm\u00e9na d\u011bti maj\u00ed t\u011bchto poprv\u00e9 ve sv\u00e9m \u017eivot\u011b skute\u010dn\u011b po\u017eehnan\u011b. Poprv\u00e9 s\u00e1m na kole, poprv\u00e9 plav\u00e1n\u00ed bez k\u0159id\u00fdlek, poprv\u00e9 do \u0161kolky, poprv\u00e9 s\u00e1m do \u0161koly. Poprv\u00e9 s\u00e1m na n\u00e1kupu a poprv\u00e9 sama doma. Jedno v\u0161ak&hellip;","datePublished":"2025-08-26","dateModified":"2025-08-26","author":{"@type":"Person","@id":"https:\/\/www.vespapv.cz\/author\/#Person","name":"","url":"https:\/\/www.vespapv.cz\/author\/","identifier":1,"image":{"@type":"ImageObject","@id":"https:\/\/secure.gravatar.com\/avatar\/06473a178d94fb830b46e277369729e9534f2612e261ec2f1ee96b672ef473e2?s=96&d=mm&r=g","url":"https:\/\/secure.gravatar.com\/avatar\/06473a178d94fb830b46e277369729e9534f2612e261ec2f1ee96b672ef473e2?s=96&d=mm&r=g","height":96,"width":96}},"publisher":{"@type":"Organization","name":"vespapv.cz","logo":{"@type":"ImageObject","@id":"\/logo.png","url":"\/logo.png","width":600,"height":60}},"url":"https:\/\/www.vespapv.cz\/den-na-ktery-nechcete-zapomenout\/","wordCount":176,"articleBody":"Mnoho v\u011bc\u00ed d\u011bl\u00e1me v \u017eivot\u011b jen jednou, respektive v\u0161echno d\u011bl\u00e1me v \u017eivot\u011b n\u011bkdy poprv\u00e9. A zejm\u00e9na d\u011bti maj\u00ed t\u011bchto poprv\u00e9 ve sv\u00e9m \u017eivot\u011b skute\u010dn\u011b po\u017eehnan\u011b. Poprv\u00e9 s\u00e1m na kole, poprv\u00e9 plav\u00e1n\u00ed bez k\u0159id\u00fdlek, poprv\u00e9 do \u0161kolky, poprv\u00e9 s\u00e1m do \u0161koly. Poprv\u00e9 s\u00e1m na n\u00e1kupu a poprv\u00e9 sama doma. Jedno v\u0161ak maj\u00ed v\u0161echna poprv\u00e9 spole\u010dn\u00e9. Nikdy na n\u011b nezapom\u00edn\u00e1me, oslavme je tedy spole\u010dn\u011b se sv\u00fdmi d\u011btmi. Mal\u00e1 oslava &#8211; velk\u00e9 pot\u011b\u0161en\u00ed Pod slovem oslavme v\u0161ak nemus\u00ed b\u00fdt skryto n\u00e1kladn\u00e9 posezen\u00ed, \u010di snad dokonce dary. V\u017edy\u0165 mnohdy mal\u00e9 p\u0159ekvapen\u00ed \u010di radost pot\u011b\u0161\u00ed v\u00edce. Zajd\u011bte s d\u011btmi t\u0159eba do cukr\u00e1rny. Daj\u00ed si dort a nebo je v\u00edce zl\u00e1k\u00e1 zmrzlina? Pokud se rozhodnou pro to druh\u00e9, vyberte n\u011bkterou chu\u0165, kterou nezn\u00e1te. Mo\u017en\u00e1 po \u0161moul\u00ed p\u0159\u00edchuti zkuste t\u0159eba shrekovou nebo snad rad\u011bji \u017ev\u00fdka\u010dkovou?                                                                                                                                                                                                                                                                                                                                                                                                "},{"@context":"https:\/\/schema.org\/","@type":"BreadcrumbList","itemListElement":[{"@type":"ListItem","position":1,"name":"Den, na kter\u00fd nechcete zapomenout","item":"https:\/\/www.vespapv.cz\/den-na-ktery-nechcete-zapomenout\/#breadcrumbitem"}]}]