[{"@context":"https:\/\/schema.org\/","@type":"Article","@id":"https:\/\/www.vespapv.cz\/co-maji-spolecne-byt-dum-a-firemni-budova\/#Article","mainEntityOfPage":"https:\/\/www.vespapv.cz\/co-maji-spolecne-byt-dum-a-firemni-budova\/","headline":"Co maj\u00ed spole\u010dn\u00e9 byt, d\u016fm a firemn\u00ed budova?","name":"Co maj\u00ed spole\u010dn\u00e9 byt, d\u016fm a firemn\u00ed budova?","description":"V\u00a0ka\u017ed\u00e9m p\u0159\u00edpad\u011b v\u0161echny t\u0159i objekty jsou \u00fato\u010di\u0161t\u011bm pro bydlen\u00ed nebo pr\u00e1ci, \u010di vy\u0159izov\u00e1n\u00ed \u00fa\u0159edn\u00edch z\u00e1le\u017eitost\u00ed. Ale napadlo by v\u00e1s, \u017ee spole\u010dn\u00e9 maj\u00ed t\u0159eba parapety? Nen\u00e1padn\u00fd, jednoduch\u00fd, ale velice pot\u0159ebn\u00fd detail ka\u017ed\u00e9ho okna, kter\u00e9 se na jak\u00e9koliv budov\u011b nach\u00e1z\u00ed. Bez nich by byl cel\u00fd objekt ob\u011bt\u00ed vlhkosti a st\u00e9kaj\u00edc\u00edho de\u0161t\u011b p\u0159\u00edmo&hellip;","datePublished":"2023-12-29","dateModified":"2023-12-29","author":{"@type":"Person","@id":"https:\/\/www.vespapv.cz\/author\/#Person","name":"","url":"https:\/\/www.vespapv.cz\/author\/","identifier":1,"image":{"@type":"ImageObject","@id":"https:\/\/secure.gravatar.com\/avatar\/06473a178d94fb830b46e277369729e9534f2612e261ec2f1ee96b672ef473e2?s=96&d=mm&r=g","url":"https:\/\/secure.gravatar.com\/avatar\/06473a178d94fb830b46e277369729e9534f2612e261ec2f1ee96b672ef473e2?s=96&d=mm&r=g","height":96,"width":96}},"publisher":{"@type":"Organization","name":"vespapv.cz","logo":{"@type":"ImageObject","@id":"\/logo.png","url":"\/logo.png","width":600,"height":60}},"url":"https:\/\/www.vespapv.cz\/co-maji-spolecne-byt-dum-a-firemni-budova\/","wordCount":234,"articleBody":"V\u00a0ka\u017ed\u00e9m p\u0159\u00edpad\u011b v\u0161echny t\u0159i objekty jsou \u00fato\u010di\u0161t\u011bm pro bydlen\u00ed nebo pr\u00e1ci, \u010di vy\u0159izov\u00e1n\u00ed \u00fa\u0159edn\u00edch z\u00e1le\u017eitost\u00ed. Ale napadlo by v\u00e1s, \u017ee spole\u010dn\u00e9 maj\u00ed t\u0159eba parapety? Nen\u00e1padn\u00fd, jednoduch\u00fd, ale velice pot\u0159ebn\u00fd detail ka\u017ed\u00e9ho okna, kter\u00e9 se na jak\u00e9koliv budov\u011b nach\u00e1z\u00ed. Bez nich by byl cel\u00fd objekt ob\u011bt\u00ed vlhkosti a st\u00e9kaj\u00edc\u00edho de\u0161t\u011b p\u0159\u00edmo po fas\u00e1d\u011b budovy, co nep\u0159in\u00e1\u0161\u00ed nic pozitivn\u00edho pro dal\u0161\u00ed u\u017e\u00edv\u00e1n\u00ed. Krom\u011b toho slou\u017e\u00ed, jako praktick\u00fd odkl\u00e1dac\u00ed prostor nejen pro kv\u011btiny, ale ve firm\u011b i pro \u0161anony, v\u00a0dom\u00e1cnostech pro zaj\u00edmav\u00e9 dekorace. Jsou nen\u00e1padn\u00e9, a\u017e p\u0159ehl\u00ed\u017een\u00e9, ale p\u0159itom by okna bez nich nebyly dokon\u010den\u00e9.Pro okna plastov\u00e9 i d\u0159ev\u011bn\u00e9Parapety nen\u00ed probl\u00e9m vybrat ani pro jeden typ oken. D\u00edky p\u0159\u00edm\u00e9 v\u00fdrob\u011b se daj\u00ed snadno splnit po\u017eadavky z\u00e1kazn\u00edka a mont\u00e1\u017e prob\u011bhne na m\u00edru okn\u016fm i interi\u00e9ru. Celkov\u00fd design se nech\u00e1 p\u0159izp\u016fsobit d\u00edky foli\u00edm, kter\u00e9 nab\u00edzej\u00ed pestr\u00fd v\u00fdb\u011br mo\u017enost\u00ed, a nikdo nepozn\u00e1, \u017ee byli t\u0159eba namontovan\u00e9 dodate\u010dn\u011b. A nejen dekor, ale i d\u00e9lka nebo \u0161\u00ed\u0159ka jsou pouze na va\u0161ich po\u017eadavc\u00edch a p\u0159edstav\u00e1ch.                                                                                                                                                                                                                                                                                                                                                                                        4.5\/5 - (6 votes)        "},{"@context":"https:\/\/schema.org\/","@type":"BreadcrumbList","itemListElement":[{"@type":"ListItem","position":1,"name":"Co maj\u00ed spole\u010dn\u00e9 byt, d\u016fm a firemn\u00ed budova?","item":"https:\/\/www.vespapv.cz\/co-maji-spolecne-byt-dum-a-firemni-budova\/#breadcrumbitem"}]}]